{"id":2885,"date":"2023-07-01T14:17:13","date_gmt":"2023-07-01T12:17:13","guid":{"rendered":"https:\/\/www.mauditors.com\/connected-tv-continua-transformando-el-consumo-del-contenido\/"},"modified":"2024-09-10T17:05:32","modified_gmt":"2024-09-10T15:05:32","slug":"tv-conectada-continuando-a-transformar-o-consumo-de-conteudo","status":"publish","type":"post","link":"https:\/\/www.mauditors.com\/pt-pt\/tv-conectada-continuando-a-transformar-o-consumo-de-conteudo\/","title":{"rendered":"TV CONECTADA: \u201cCONTINUANDO A TRANSFORMAR O CONSUMO DE CONTE\u00daDO\u201d"},"content":{"rendered":"<div class=\"wpb-content-wrapper\"><p>[vc_row gap=&#8221;15&#8243;][vc_column width=&#8221;3\/4&#8243;][vc_single_image image=&#8221;1253&#8243; img_size=&#8221;750&#215;400&#8243; alignment=&#8221;center&#8221; css=&#8221;&#8221;]<div class=\"ult-spacer spacer-69f41e288b6f2\" data-id=\"69f41e288b6f2\" data-height=\"0\" data-height-mobile=\"35\" data-height-tab=\"\" data-height-tab-portrait=\"\" data-height-mobile-landscape=\"35\" style=\"clear:both;display:block;\"><\/div><div class=\"ult-spacer spacer-69f41e288b737\" data-id=\"69f41e288b737\" data-height=\"0\" data-height-mobile=\"35\" data-height-tab=\"\" data-height-tab-portrait=\"\" data-height-mobile-landscape=\"35\" style=\"clear:both;display:block;\"><\/div>[\/vc_column][vc_column width=&#8221;1\/4&#8243; css=&#8221;.vc_custom_1714472692657{background-color: #f5f5f5 !important;}&#8221; el_class=&#8221;columna-blog-section display-none-responsive&#8221;][vc_wp_text el_class=&#8221;text-little&#8221;]<\/p>\n<p class=\"_04xlpA direction-ltr align-start para-style-body\" style=\"text-align: left;\">O consumo de TV conectada (CTV) na Am\u00e9rica Latina tem experimentado um crescimento constante e atualmente est\u00e1<br \/>\nPossui mais de 150 milh\u00f5es de telespectadores, o que equivale a 41% da popula\u00e7\u00e3o digital da Am\u00e9rica Latina. Isto n\u00e3o s\u00f3 indica um setor em pleno desenvolvimento, mas tamb\u00e9m indica que o seu progresso ir\u00e1 acelerar nos pr\u00f3ximos anos gra\u00e7as \u00e0s novas oportunidades que o mercado oferece. Da mesma forma, estima-se que a CTV no final deste ano ir\u00e1 agregar quase 26 mil milh\u00f5es de d\u00f3lares em receitas ao mercado mexicano, 13% a mais que no ano anterior, segundo dados do Statista.<\/p>\n<p>[\/vc_wp_text][\/vc_column][\/vc_row][vc_row][vc_column][vc_wp_text el_class=&#8221;text-default&#8221;]<strong>VANTAGENS EM N\u00daMERO DE P\u00daBLICOS<\/strong>[\/vc_wp_text][vc_wp_text el_class=&#8221;text-default&#8221;]<\/p>\n<p style=\"text-align: left;\">8 em cada 10 utilizadores acreditam que os an\u00fancios CTV n\u00e3o interrompem a sua experi\u00eancia (no caso da TV paga e da TV aberta acontece que 7 em cada 10 utilizadores sentem que os an\u00fancios interrompem a sua experi\u00eancia) Maior efici\u00eancia de custos em<br \/>\nem compara\u00e7\u00e3o com os pre\u00e7os da TV e maior impacto do que outras m\u00eddias Impacto na Gera\u00e7\u00e3o Z (maior<br \/>\nimpulsionador da ado\u00e7\u00e3o de CTV), que representa 40% da audi\u00eancia global de CTV. E isso fica demonstrado na capacidade publicit\u00e1ria em CTV, que se destaca da TV Linear:<\/p>\n<p>[\/vc_wp_text]<div class=\"ult-spacer spacer-69f41e288b768\" data-id=\"69f41e288b768\" data-height=\"0\" data-height-mobile=\"35\" data-height-tab=\"\" data-height-tab-portrait=\"\" data-height-mobile-landscape=\"35\" style=\"clear:both;display:block;\"><\/div>[vc_wp_text el_class=&#8221;text-default&#8221;]<\/p>\n<p class=\"_04xlpA direction-ltr align-start para-style-body\" style=\"text-align: left;\"><strong>Publicidade Direcionada<\/strong> Poss\u00edvel segmenta\u00e7\u00e3o do p\u00fablico e adi\u00e7\u00e3o de an\u00fancios interativos (40% do p\u00fablico j\u00e1 espera que os an\u00fancios sejam relevantes para si e para os seus interesses, aumentando a capacidade de a\u00e7\u00e3o). Incorpora\u00e7\u00e3o da tecnologia Dynamic Content Optimization com intelig\u00eancia artificial. Permite atingir novos p\u00fablicos e um estudo exaustivo de medi\u00e7\u00e3o ap\u00f3s a campanha.<\/p>\n<p>[\/vc_wp_text]<div class=\"ult-spacer spacer-69f41e288b791\" data-id=\"69f41e288b791\" data-height=\"0\" data-height-mobile=\"35\" data-height-tab=\"\" data-height-tab-portrait=\"\" data-height-mobile-landscape=\"35\" style=\"clear:both;display:block;\"><\/div>[\/vc_column][\/vc_row][vc_row][vc_column][vc_wp_text el_class=&#8221;text-default&#8221;]<strong>DISPOSITIVO DE PREFER\u00caNCIA DE SMART TV<\/strong>[\/vc_wp_text][vc_wp_text el_class=&#8221;text-default&#8221;]<\/p>\n<p class=\"_04xlpA direction-ltr align-start para-style-body\" style=\"text-align: left;\">Dado que 97% dos lares que consomem CTV possuem pelo menos uma Smart TV, este acaba por ser o dispositivo preferido para ver conte\u00fados. 96% dos entrevistados afirmaram ter assistido a um v\u00eddeo em uma Smart TV no \u00faltimo m\u00eas; enquanto 22% o fizeram atrav\u00e9s de outros dispositivos de streaming e 18%, em um console de videogame. Al\u00e9m disso, a maioria dos usu\u00e1rios assistiu a v\u00eddeos digitais em smartphones, computadores ou tablets. Isso reafirma a tend\u00eancia crescente de consumo multitelas.<\/p>\n<p>[\/vc_wp_text]<div class=\"ult-spacer spacer-69f41e288b7b6\" data-id=\"69f41e288b7b6\" data-height=\"0\" data-height-mobile=\"35\" data-height-tab=\"\" data-height-tab-portrait=\"\" data-height-mobile-landscape=\"35\" style=\"clear:both;display:block;\"><\/div>[vc_wp_text el_class=&#8221;text-default&#8221;]<strong>O IMPACTO DA PUBLICIDADE NA CTV \u00c9 IRRESIST\u00cdVEL<\/strong>[\/vc_wp_text][vc_wp_text el_class=&#8221;text-default&#8221;]<\/p>\n<p class=\"_04xlpA direction-ltr align-start para-style-body\" style=\"text-align: left;\">Sabendo que 3 em cada 10 pessoas que consomem publicidade nesta plataforma descobrem novos produtos e acabam<br \/>\npesquisando on-line, enquanto 15% fazem compras com base no que veem anunciado.<\/p>\n<p>[\/vc_wp_text]<div class=\"ult-spacer spacer-69f41e288b7d8\" data-id=\"69f41e288b7d8\" data-height=\"0\" data-height-mobile=\"35\" data-height-tab=\"\" data-height-tab-portrait=\"\" data-height-mobile-landscape=\"35\" style=\"clear:both;display:block;\"><\/div>[vc_wp_text el_class=&#8221;title-1-big&#8221;]<\/p>\n<p style=\"text-align: center;\"><strong>DOS AUDITORES DE M\u00cdDIA<\/strong><\/p>\n<p>[\/vc_wp_text][\/vc_column][\/vc_row][vc_row][vc_column][vc_wp_text el_class=&#8221;text-default&#8221;]<\/p>\n<p class=\"_04xlpA direction-ltr align-start para-style-body\" style=\"text-align: left;\">Acompanhamos todas as movimenta\u00e7\u00f5es do mercado para fornecer aos nossos clientes informa\u00e7\u00f5es atualizadas que contribuam para suas estrat\u00e9gias de m\u00eddia, como modelos de negocia\u00e7\u00e3o, formatos e fornecedores mais utilizados. O segundo trimestre do ano registou um aumento significativo face aos primeiros tr\u00eas meses (mais de 400%), com v\u00e1rios anunciantes a testar e a apostar neste novo modelo. E a sua marca, j\u00e1 est\u00e1 presente?<\/p>\n<p>[\/vc_wp_text][vc_wp_text el_class=&#8221;text-default&#8221;]<\/p>\n<p class=\"_04xlpA direction-ltr align-start para-style-body\" style=\"text-align: left;\"><span style=\"color: #000000;\">Fontes: Statista, Sunmedia, Comscore, Pool Media Auditors<\/span><\/p>\n<p>[\/vc_wp_text]<div class=\"ult-spacer spacer-69f41e288b7f9\" data-id=\"69f41e288b7f9\" data-height=\"0\" data-height-mobile=\"35\" data-height-tab=\"\" data-height-tab-portrait=\"\" data-height-mobile-landscape=\"35\" style=\"clear:both;display:block;\"><\/div><div class=\"ult-spacer spacer-69f41e288b822\" data-id=\"69f41e288b822\" data-height=\"0\" data-height-mobile=\"35\" data-height-tab=\"\" data-height-tab-portrait=\"\" data-height-mobile-landscape=\"35\" style=\"clear:both;display:block;\"><\/div><div class=\"ult-spacer spacer-69f41e288b843\" data-id=\"69f41e288b843\" data-height=\"0\" data-height-mobile=\"35\" data-height-tab=\"\" data-height-tab-portrait=\"\" data-height-mobile-landscape=\"35\" style=\"clear:both;display:block;\"><\/div>[\/vc_column][\/vc_row]<\/p>\n<\/div>","protected":false},"excerpt":{"rendered":"<p>[vc_row gap=&#8221;15&#8243;][vc_column width=&#8221;3\/4&#8243;][vc_single_image image=&#8221;1253&#8243; img_size=&#8221;750&#215;400&#8243; alignment=&#8221;center&#8221; css=&#8221;&#8221;][\/vc_column][vc_column width=&#8221;1\/4&#8243; css=&#8221;.vc_custom_1714472692657{background-color: #f5f5f5 !important;}&#8221; el_class=&#8221;columna-blog-section display-none-responsive&#8221;][vc_wp_text el_class=&#8221;text-little&#8221;] O consumo de TV conectada (CTV) na Am\u00e9rica Latina tem experimentado um crescimento constante e atualmente est\u00e1 Possui mais de 150 milh\u00f5es de telespectadores, o que equivale a 41% da popula\u00e7\u00e3o digital da Am\u00e9rica Latina. Isto n\u00e3o s\u00f3 indica um setor [&hellip;]<\/p>\n","protected":false},"author":1,"featured_media":1252,"comment_status":"open","ping_status":"open","sticky":false,"template":"","format":"standard","meta":{"_acf_changed":false,"footnotes":""},"categories":[12],"tags":[],"class_list":["post-2885","post","type-post","status-publish","format-standard","has-post-thumbnail","hentry","category-sem-categoria"],"acf":[],"yoast_head":"<!-- This site is optimized with the Yoast SEO plugin v26.2 - https:\/\/yoast.com\/wordpress\/plugins\/seo\/ -->\n<title>TV CONECTADA: \u201cCONTINUANDO A TRANSFORMAR O CONSUMO DE CONTE\u00daDO\u201d - Media Auditors<\/title>\n<meta name=\"robots\" content=\"index, follow, max-snippet:-1, max-image-preview:large, max-video-preview:-1\" \/>\n<link rel=\"canonical\" href=\"https:\/\/www.mauditors.com\/pt-pt\/tv-conectada-continuando-a-transformar-o-consumo-de-conteudo\/\" \/>\n<meta property=\"og:locale\" content=\"pt_PT\" \/>\n<meta property=\"og:type\" content=\"article\" \/>\n<meta property=\"og:title\" content=\"TV CONECTADA: \u201cCONTINUANDO A TRANSFORMAR O CONSUMO DE CONTE\u00daDO\u201d - Media Auditors\" \/>\n<meta property=\"og:description\" content=\"[vc_row gap=&#8221;15&#8243;][vc_column width=&#8221;3\/4&#8243;][vc_single_image image=&#8221;1253&#8243; img_size=&#8221;750&#215;400&#8243; alignment=&#8221;center&#8221; css=&#8221;&#8221;][\/vc_column][vc_column width=&#8221;1\/4&#8243; css=&#8221;.vc_custom_1714472692657{background-color: #f5f5f5 !important;}&#8221; el_class=&#8221;columna-blog-section display-none-responsive&#8221;][vc_wp_text el_class=&#8221;text-little&#8221;] O consumo de TV conectada (CTV) na Am\u00e9rica Latina tem experimentado um crescimento constante e atualmente est\u00e1 Possui mais de 150 milh\u00f5es de telespectadores, o que equivale a 41% da popula\u00e7\u00e3o digital da Am\u00e9rica Latina. Isto n\u00e3o s\u00f3 indica um setor [&hellip;]\" \/>\n<meta property=\"og:url\" content=\"https:\/\/www.mauditors.com\/pt-pt\/tv-conectada-continuando-a-transformar-o-consumo-de-conteudo\/\" \/>\n<meta property=\"og:site_name\" content=\"Media Auditors\" \/>\n<meta property=\"article:published_time\" content=\"2023-07-01T12:17:13+00:00\" \/>\n<meta property=\"article:modified_time\" content=\"2024-09-10T15:05:32+00:00\" \/>\n<meta property=\"og:image\" content=\"https:\/\/www.mauditors.com\/wp-content\/uploads\/2023\/07\/dedo.jpg\" \/>\n\t<meta property=\"og:image:width\" content=\"1245\" \/>\n\t<meta property=\"og:image:height\" content=\"507\" \/>\n\t<meta property=\"og:image:type\" content=\"image\/jpeg\" \/>\n<meta name=\"author\" content=\"media-admin\" \/>\n<meta name=\"twitter:card\" content=\"summary_large_image\" \/>\n<meta name=\"twitter:label1\" content=\"Escrito por\" \/>\n\t<meta name=\"twitter:data1\" content=\"media-admin\" \/>\n\t<meta name=\"twitter:label2\" content=\"Tempo estimado de leitura\" \/>\n\t<meta name=\"twitter:data2\" content=\"3 minutos\" \/>\n<script type=\"application\/ld+json\" class=\"yoast-schema-graph\">{\"@context\":\"https:\/\/schema.org\",\"@graph\":[{\"@type\":\"WebPage\",\"@id\":\"https:\/\/www.mauditors.com\/pt-pt\/tv-conectada-continuando-a-transformar-o-consumo-de-conteudo\/\",\"url\":\"https:\/\/www.mauditors.com\/pt-pt\/tv-conectada-continuando-a-transformar-o-consumo-de-conteudo\/\",\"name\":\"TV CONECTADA: \u201cCONTINUANDO A TRANSFORMAR O CONSUMO DE CONTE\u00daDO\u201d - Media Auditors\",\"isPartOf\":{\"@id\":\"https:\/\/www.mauditors.com\/#website\"},\"primaryImageOfPage\":{\"@id\":\"https:\/\/www.mauditors.com\/pt-pt\/tv-conectada-continuando-a-transformar-o-consumo-de-conteudo\/#primaryimage\"},\"image\":{\"@id\":\"https:\/\/www.mauditors.com\/pt-pt\/tv-conectada-continuando-a-transformar-o-consumo-de-conteudo\/#primaryimage\"},\"thumbnailUrl\":\"https:\/\/www.mauditors.com\/wp-content\/uploads\/2023\/07\/dedo.jpg\",\"datePublished\":\"2023-07-01T12:17:13+00:00\",\"dateModified\":\"2024-09-10T15:05:32+00:00\",\"author\":{\"@id\":\"https:\/\/www.mauditors.com\/#\/schema\/person\/2826af8c4098037b5e9c77cbe70998c7\"},\"breadcrumb\":{\"@id\":\"https:\/\/www.mauditors.com\/pt-pt\/tv-conectada-continuando-a-transformar-o-consumo-de-conteudo\/#breadcrumb\"},\"inLanguage\":\"pt-PT\",\"potentialAction\":[{\"@type\":\"ReadAction\",\"target\":[\"https:\/\/www.mauditors.com\/pt-pt\/tv-conectada-continuando-a-transformar-o-consumo-de-conteudo\/\"]}]},{\"@type\":\"ImageObject\",\"inLanguage\":\"pt-PT\",\"@id\":\"https:\/\/www.mauditors.com\/pt-pt\/tv-conectada-continuando-a-transformar-o-consumo-de-conteudo\/#primaryimage\",\"url\":\"https:\/\/www.mauditors.com\/wp-content\/uploads\/2023\/07\/dedo.jpg\",\"contentUrl\":\"https:\/\/www.mauditors.com\/wp-content\/uploads\/2023\/07\/dedo.jpg\",\"width\":1245,\"height\":507,\"caption\":\"televisor inteligente\"},{\"@type\":\"BreadcrumbList\",\"@id\":\"https:\/\/www.mauditors.com\/pt-pt\/tv-conectada-continuando-a-transformar-o-consumo-de-conteudo\/#breadcrumb\",\"itemListElement\":[{\"@type\":\"ListItem\",\"position\":1,\"name\":\"Portada\",\"item\":\"https:\/\/www.mauditors.com\/pt-pt\/\"},{\"@type\":\"ListItem\",\"position\":2,\"name\":\"TV CONECTADA: \u201cCONTINUANDO A TRANSFORMAR O CONSUMO DE CONTE\u00daDO\u201d\"}]},{\"@type\":\"WebSite\",\"@id\":\"https:\/\/www.mauditors.com\/#website\",\"url\":\"https:\/\/www.mauditors.com\/\",\"name\":\"Media Auditors\",\"description\":\"Empresa independiente l\u00edder en auditor\u00eda y consultor\u00eda de medios en Am\u00e9rica Latina\",\"potentialAction\":[{\"@type\":\"SearchAction\",\"target\":{\"@type\":\"EntryPoint\",\"urlTemplate\":\"https:\/\/www.mauditors.com\/?s={search_term_string}\"},\"query-input\":{\"@type\":\"PropertyValueSpecification\",\"valueRequired\":true,\"valueName\":\"search_term_string\"}}],\"inLanguage\":\"pt-PT\"},{\"@type\":\"Person\",\"@id\":\"https:\/\/www.mauditors.com\/#\/schema\/person\/2826af8c4098037b5e9c77cbe70998c7\",\"name\":\"media-admin\",\"image\":{\"@type\":\"ImageObject\",\"inLanguage\":\"pt-PT\",\"@id\":\"https:\/\/www.mauditors.com\/#\/schema\/person\/image\/\",\"url\":\"https:\/\/secure.gravatar.com\/avatar\/8f607897719de077d34af83c248033692413a31f1d892e6d56b525494de5dff7?s=96&d=mm&r=g\",\"contentUrl\":\"https:\/\/secure.gravatar.com\/avatar\/8f607897719de077d34af83c248033692413a31f1d892e6d56b525494de5dff7?s=96&d=mm&r=g\",\"caption\":\"media-admin\"},\"sameAs\":[\"https:\/\/mauditors.com\"],\"url\":\"https:\/\/www.mauditors.com\/pt-pt\/author\/media-admin\/\"}]}<\/script>\n<!-- \/ Yoast SEO plugin. -->","yoast_head_json":{"title":"TV CONECTADA: \u201cCONTINUANDO A TRANSFORMAR O CONSUMO DE CONTE\u00daDO\u201d - Media Auditors","robots":{"index":"index","follow":"follow","max-snippet":"max-snippet:-1","max-image-preview":"max-image-preview:large","max-video-preview":"max-video-preview:-1"},"canonical":"https:\/\/www.mauditors.com\/pt-pt\/tv-conectada-continuando-a-transformar-o-consumo-de-conteudo\/","og_locale":"pt_PT","og_type":"article","og_title":"TV CONECTADA: \u201cCONTINUANDO A TRANSFORMAR O CONSUMO DE CONTE\u00daDO\u201d - Media Auditors","og_description":"[vc_row gap=&#8221;15&#8243;][vc_column width=&#8221;3\/4&#8243;][vc_single_image image=&#8221;1253&#8243; img_size=&#8221;750&#215;400&#8243; alignment=&#8221;center&#8221; css=&#8221;&#8221;][\/vc_column][vc_column width=&#8221;1\/4&#8243; css=&#8221;.vc_custom_1714472692657{background-color: #f5f5f5 !important;}&#8221; el_class=&#8221;columna-blog-section display-none-responsive&#8221;][vc_wp_text el_class=&#8221;text-little&#8221;] O consumo de TV conectada (CTV) na Am\u00e9rica Latina tem experimentado um crescimento constante e atualmente est\u00e1 Possui mais de 150 milh\u00f5es de telespectadores, o que equivale a 41% da popula\u00e7\u00e3o digital da Am\u00e9rica Latina. Isto n\u00e3o s\u00f3 indica um setor [&hellip;]","og_url":"https:\/\/www.mauditors.com\/pt-pt\/tv-conectada-continuando-a-transformar-o-consumo-de-conteudo\/","og_site_name":"Media Auditors","article_published_time":"2023-07-01T12:17:13+00:00","article_modified_time":"2024-09-10T15:05:32+00:00","og_image":[{"width":1245,"height":507,"url":"https:\/\/www.mauditors.com\/wp-content\/uploads\/2023\/07\/dedo.jpg","type":"image\/jpeg"}],"author":"media-admin","twitter_card":"summary_large_image","twitter_misc":{"Escrito por":"media-admin","Tempo estimado de leitura":"3 minutos"},"schema":{"@context":"https:\/\/schema.org","@graph":[{"@type":"WebPage","@id":"https:\/\/www.mauditors.com\/pt-pt\/tv-conectada-continuando-a-transformar-o-consumo-de-conteudo\/","url":"https:\/\/www.mauditors.com\/pt-pt\/tv-conectada-continuando-a-transformar-o-consumo-de-conteudo\/","name":"TV CONECTADA: \u201cCONTINUANDO A TRANSFORMAR O CONSUMO DE CONTE\u00daDO\u201d - Media Auditors","isPartOf":{"@id":"https:\/\/www.mauditors.com\/#website"},"primaryImageOfPage":{"@id":"https:\/\/www.mauditors.com\/pt-pt\/tv-conectada-continuando-a-transformar-o-consumo-de-conteudo\/#primaryimage"},"image":{"@id":"https:\/\/www.mauditors.com\/pt-pt\/tv-conectada-continuando-a-transformar-o-consumo-de-conteudo\/#primaryimage"},"thumbnailUrl":"https:\/\/www.mauditors.com\/wp-content\/uploads\/2023\/07\/dedo.jpg","datePublished":"2023-07-01T12:17:13+00:00","dateModified":"2024-09-10T15:05:32+00:00","author":{"@id":"https:\/\/www.mauditors.com\/#\/schema\/person\/2826af8c4098037b5e9c77cbe70998c7"},"breadcrumb":{"@id":"https:\/\/www.mauditors.com\/pt-pt\/tv-conectada-continuando-a-transformar-o-consumo-de-conteudo\/#breadcrumb"},"inLanguage":"pt-PT","potentialAction":[{"@type":"ReadAction","target":["https:\/\/www.mauditors.com\/pt-pt\/tv-conectada-continuando-a-transformar-o-consumo-de-conteudo\/"]}]},{"@type":"ImageObject","inLanguage":"pt-PT","@id":"https:\/\/www.mauditors.com\/pt-pt\/tv-conectada-continuando-a-transformar-o-consumo-de-conteudo\/#primaryimage","url":"https:\/\/www.mauditors.com\/wp-content\/uploads\/2023\/07\/dedo.jpg","contentUrl":"https:\/\/www.mauditors.com\/wp-content\/uploads\/2023\/07\/dedo.jpg","width":1245,"height":507,"caption":"televisor inteligente"},{"@type":"BreadcrumbList","@id":"https:\/\/www.mauditors.com\/pt-pt\/tv-conectada-continuando-a-transformar-o-consumo-de-conteudo\/#breadcrumb","itemListElement":[{"@type":"ListItem","position":1,"name":"Portada","item":"https:\/\/www.mauditors.com\/pt-pt\/"},{"@type":"ListItem","position":2,"name":"TV CONECTADA: \u201cCONTINUANDO A TRANSFORMAR O CONSUMO DE CONTE\u00daDO\u201d"}]},{"@type":"WebSite","@id":"https:\/\/www.mauditors.com\/#website","url":"https:\/\/www.mauditors.com\/","name":"Media Auditors","description":"Empresa independiente l\u00edder en auditor\u00eda y consultor\u00eda de medios en Am\u00e9rica Latina","potentialAction":[{"@type":"SearchAction","target":{"@type":"EntryPoint","urlTemplate":"https:\/\/www.mauditors.com\/?s={search_term_string}"},"query-input":{"@type":"PropertyValueSpecification","valueRequired":true,"valueName":"search_term_string"}}],"inLanguage":"pt-PT"},{"@type":"Person","@id":"https:\/\/www.mauditors.com\/#\/schema\/person\/2826af8c4098037b5e9c77cbe70998c7","name":"media-admin","image":{"@type":"ImageObject","inLanguage":"pt-PT","@id":"https:\/\/www.mauditors.com\/#\/schema\/person\/image\/","url":"https:\/\/secure.gravatar.com\/avatar\/8f607897719de077d34af83c248033692413a31f1d892e6d56b525494de5dff7?s=96&d=mm&r=g","contentUrl":"https:\/\/secure.gravatar.com\/avatar\/8f607897719de077d34af83c248033692413a31f1d892e6d56b525494de5dff7?s=96&d=mm&r=g","caption":"media-admin"},"sameAs":["https:\/\/mauditors.com"],"url":"https:\/\/www.mauditors.com\/pt-pt\/author\/media-admin\/"}]}},"_links":{"self":[{"href":"https:\/\/www.mauditors.com\/pt-pt\/wp-json\/wp\/v2\/posts\/2885","targetHints":{"allow":["GET"]}}],"collection":[{"href":"https:\/\/www.mauditors.com\/pt-pt\/wp-json\/wp\/v2\/posts"}],"about":[{"href":"https:\/\/www.mauditors.com\/pt-pt\/wp-json\/wp\/v2\/types\/post"}],"author":[{"embeddable":true,"href":"https:\/\/www.mauditors.com\/pt-pt\/wp-json\/wp\/v2\/users\/1"}],"replies":[{"embeddable":true,"href":"https:\/\/www.mauditors.com\/pt-pt\/wp-json\/wp\/v2\/comments?post=2885"}],"version-history":[{"count":2,"href":"https:\/\/www.mauditors.com\/pt-pt\/wp-json\/wp\/v2\/posts\/2885\/revisions"}],"predecessor-version":[{"id":2887,"href":"https:\/\/www.mauditors.com\/pt-pt\/wp-json\/wp\/v2\/posts\/2885\/revisions\/2887"}],"wp:featuredmedia":[{"embeddable":true,"href":"https:\/\/www.mauditors.com\/pt-pt\/wp-json\/wp\/v2\/media\/1252"}],"wp:attachment":[{"href":"https:\/\/www.mauditors.com\/pt-pt\/wp-json\/wp\/v2\/media?parent=2885"}],"wp:term":[{"taxonomy":"category","embeddable":true,"href":"https:\/\/www.mauditors.com\/pt-pt\/wp-json\/wp\/v2\/categories?post=2885"},{"taxonomy":"post_tag","embeddable":true,"href":"https:\/\/www.mauditors.com\/pt-pt\/wp-json\/wp\/v2\/tags?post=2885"}],"curies":[{"name":"wp","href":"https:\/\/api.w.org\/{rel}","templated":true}]}}